{"id":201,"date":"2015-01-09T01:07:02","date_gmt":"2015-01-08T23:07:02","guid":{"rendered":"http:\/\/www.mbirekul.com\/?p=201"},"modified":"2015-01-09T01:07:02","modified_gmt":"2015-01-08T23:07:02","slug":"equity-and-social-justice-in-teaching-and-teacher-education","status":"publish","type":"post","link":"https:\/\/www.mbirekul.com\/?p=201","title":{"rendered":"E\u011fitimde e\u015fitlik \/ Sosyal adalet"},"content":{"rendered":"<p>(English B\u00f6l\u00fcm\u00fcnden Okuyabilirsiniz)<\/p>\n<p><strong>Equity and social justice in teaching and teacher education<\/strong><\/p>\n<p>Social justice \/Educational equity\/Teacher education<\/p>\n<p>Diversity\/Inclusive education\/Teachers\u2019 beliefs\/Multicultural education<\/p>\n ","protected":false},"excerpt":{"rendered":"<p>(English B\u00f6l\u00fcm\u00fcnden Okuyabilirsiniz) Equity and social justice in teaching and teacher education Social justice \/Educational equity\/Teacher education Diversity\/Inclusive education\/Teachers\u2019 beliefs\/Multicultural education<\/p>\n","protected":false},"author":1,"featured_media":0,"comment_status":"open","ping_status":"open","sticky":false,"template":"","format":"standard","meta":[],"categories":[3,1],"tags":[],"_links":{"self":[{"href":"https:\/\/www.mbirekul.com\/index.php?rest_route=\/wp\/v2\/posts\/201"}],"collection":[{"href":"https:\/\/www.mbirekul.com\/index.php?rest_route=\/wp\/v2\/posts"}],"about":[{"href":"https:\/\/www.mbirekul.com\/index.php?rest_route=\/wp\/v2\/types\/post"}],"author":[{"embeddable":true,"href":"https:\/\/www.mbirekul.com\/index.php?rest_route=\/wp\/v2\/users\/1"}],"replies":[{"embeddable":true,"href":"https:\/\/www.mbirekul.com\/index.php?rest_route=%2Fwp%2Fv2%2Fcomments&post=201"}],"version-history":[{"count":0,"href":"https:\/\/www.mbirekul.com\/index.php?rest_route=\/wp\/v2\/posts\/201\/revisions"}],"wp:attachment":[{"href":"https:\/\/www.mbirekul.com\/index.php?rest_route=%2Fwp%2Fv2%2Fmedia&parent=201"}],"wp:term":[{"taxonomy":"category","embeddable":true,"href":"https:\/\/www.mbirekul.com\/index.php?rest_route=%2Fwp%2Fv2%2Fcategories&post=201"},{"taxonomy":"post_tag","embeddable":true,"href":"https:\/\/www.mbirekul.com\/index.php?rest_route=%2Fwp%2Fv2%2Ftags&post=201"}],"curies":[{"name":"wp","href":"https:\/\/api.w.org\/{rel}","templated":true}]}}